{"id":878,"date":"2018-04-21T22:36:23","date_gmt":"2018-04-21T22:36:23","guid":{"rendered":"http:\/\/www.pueblamio.com\/noticiasyeventos\/?p=878"},"modified":"2018-04-21T22:36:23","modified_gmt":"2018-04-21T22:36:23","slug":"panel-radios-universitarias-2-de-mayo","status":"publish","type":"post","link":"https:\/\/www.pueblamio.com\/noticiasyeventos\/panel-radios-universitarias-2-de-mayo\/","title":{"rendered":"Panel Radios Universitarias . 2 de mayo"},"content":{"rendered":"<p>Est\u00e1s invitado al panel Radios Universitarias \u00bfCu\u00e1l es su papel ante el escenario pol\u00edtico?<\/p>\n<p>Participar\u00e1n el Dr. Jos\u00e9 Gallardo, coordinador de la Licenciatura en Derecho IBERO Puebla; el Mtro. Cristian Macuzet, responsable de Radio Ibero Le\u00f3n; Omar Nachez, colaborador de Radio Ibero Le\u00f3n; Dra. Anayuri G\u00fcemes, investigadora de Ciencias de la Comunicaci\u00f3n BUAP; y Abraham S\u00e1nchez, colaborador de IBERO Radio Puebla.<\/p>\n<p>Entrada libre.<br \/>\nMi\u00e9rcoles 2 de mayo.<br \/>\nSal\u00f3n B 205 de la\u00a0<a href=\"https:\/\/www.facebook.com\/IberoPueblaMX\/\">IBERO Puebla<\/a><\/p>\n","protected":false},"excerpt":{"rendered":"<p>Est\u00e1s invitado al panel Radios Universitarias \u00bfCu\u00e1l es su papel ante el escenario pol\u00edtico? Participar\u00e1n el Dr. Jos\u00e9 Gallardo, coordinador de la Licenciatura en Derecho IBERO Puebla; el Mtro. Cristian Macuzet, responsable de Radio Ibero Le\u00f3n; Omar Nachez, colaborador de Radio Ibero Le\u00f3n; Dra. Anayuri G\u00fcemes, investigadora de Ciencias de la Comunicaci\u00f3n BUAP; y Abraham [&hellip;]<\/p>\n","protected":false},"author":2,"featured_media":879,"comment_status":"closed","ping_status":"closed","sticky":false,"template":"","format":"standard","meta":{"footnotes":""},"categories":[23],"tags":[],"_links":{"self":[{"href":"https:\/\/www.pueblamio.com\/noticiasyeventos\/wp-json\/wp\/v2\/posts\/878"}],"collection":[{"href":"https:\/\/www.pueblamio.com\/noticiasyeventos\/wp-json\/wp\/v2\/posts"}],"about":[{"href":"https:\/\/www.pueblamio.com\/noticiasyeventos\/wp-json\/wp\/v2\/types\/post"}],"author":[{"embeddable":true,"href":"https:\/\/www.pueblamio.com\/noticiasyeventos\/wp-json\/wp\/v2\/users\/2"}],"replies":[{"embeddable":true,"href":"https:\/\/www.pueblamio.com\/noticiasyeventos\/wp-json\/wp\/v2\/comments?post=878"}],"version-history":[{"count":1,"href":"https:\/\/www.pueblamio.com\/noticiasyeventos\/wp-json\/wp\/v2\/posts\/878\/revisions"}],"predecessor-version":[{"id":880,"href":"https:\/\/www.pueblamio.com\/noticiasyeventos\/wp-json\/wp\/v2\/posts\/878\/revisions\/880"}],"wp:featuredmedia":[{"embeddable":true,"href":"https:\/\/www.pueblamio.com\/noticiasyeventos\/wp-json\/wp\/v2\/media\/879"}],"wp:attachment":[{"href":"https:\/\/www.pueblamio.com\/noticiasyeventos\/wp-json\/wp\/v2\/media?parent=878"}],"wp:term":[{"taxonomy":"category","embeddable":true,"href":"https:\/\/www.pueblamio.com\/noticiasyeventos\/wp-json\/wp\/v2\/categories?post=878"},{"taxonomy":"post_tag","embeddable":true,"href":"https:\/\/www.pueblamio.com\/noticiasyeventos\/wp-json\/wp\/v2\/tags?post=878"}],"curies":[{"name":"wp","href":"https:\/\/api.w.org\/{rel}","templated":true}]}}