{"id":833,"date":"2018-04-19T00:01:18","date_gmt":"2018-04-19T00:01:18","guid":{"rendered":"http:\/\/www.pueblamio.com\/noticiasyeventos\/?p=833"},"modified":"2018-04-19T00:01:18","modified_gmt":"2018-04-19T00:01:18","slug":"dia-mundial-del-libro-y-los-derechos-de-autor-23-de-abril","status":"publish","type":"post","link":"https:\/\/www.pueblamio.com\/noticiasyeventos\/dia-mundial-del-libro-y-los-derechos-de-autor-23-de-abril\/","title":{"rendered":"D\u00eda mundial del libro y los derechos de autor . 23 de abril"},"content":{"rendered":"<p>\u00a1Familia! \u00a1Maestros, hermanos, pap\u00e1s, mam\u00e1s, t\u00edos, t\u00edas, primos, sobrinos&#8230;!<\/p>\n<p>El Consejo los invita a que pasen el #D\u00edaMundialdelLibro en la Biblioteca Alma, entre lecturas y talleres.<\/p>\n<p>Comenzaremos con lecturas en voz alta para el barrio; tendremos nuestro tradicional taller de lectura y vendr\u00e1n nuestros amigos del INAOE \ud83d\ude00<\/p>\n<p>Si nunca han venido a la biblio, \u00a1los estamos esperando! Pueden venir preparados con sus documentos para tramitar su credencial y sacar libros en pr\u00e9stamo \ud83d\ude00 (comprobante domiciliario del mes, ID oficial, comprobante domiciliario y ID oficial de un aval que no viva en la misma casa que t\u00fa y una foto infantil)<\/p>\n","protected":false},"excerpt":{"rendered":"<p>\u00a1Familia! \u00a1Maestros, hermanos, pap\u00e1s, mam\u00e1s, t\u00edos, t\u00edas, primos, sobrinos&#8230;! El Consejo los invita a que pasen el #D\u00edaMundialdelLibro en la Biblioteca Alma, entre lecturas y talleres. Comenzaremos con lecturas en voz alta para el barrio; tendremos nuestro tradicional taller de lectura y vendr\u00e1n nuestros amigos del INAOE \ud83d\ude00 Si nunca han venido a la biblio, [&hellip;]<\/p>\n","protected":false},"author":2,"featured_media":834,"comment_status":"closed","ping_status":"closed","sticky":false,"template":"","format":"standard","meta":{"footnotes":""},"categories":[29],"tags":[],"_links":{"self":[{"href":"https:\/\/www.pueblamio.com\/noticiasyeventos\/wp-json\/wp\/v2\/posts\/833"}],"collection":[{"href":"https:\/\/www.pueblamio.com\/noticiasyeventos\/wp-json\/wp\/v2\/posts"}],"about":[{"href":"https:\/\/www.pueblamio.com\/noticiasyeventos\/wp-json\/wp\/v2\/types\/post"}],"author":[{"embeddable":true,"href":"https:\/\/www.pueblamio.com\/noticiasyeventos\/wp-json\/wp\/v2\/users\/2"}],"replies":[{"embeddable":true,"href":"https:\/\/www.pueblamio.com\/noticiasyeventos\/wp-json\/wp\/v2\/comments?post=833"}],"version-history":[{"count":1,"href":"https:\/\/www.pueblamio.com\/noticiasyeventos\/wp-json\/wp\/v2\/posts\/833\/revisions"}],"predecessor-version":[{"id":835,"href":"https:\/\/www.pueblamio.com\/noticiasyeventos\/wp-json\/wp\/v2\/posts\/833\/revisions\/835"}],"wp:featuredmedia":[{"embeddable":true,"href":"https:\/\/www.pueblamio.com\/noticiasyeventos\/wp-json\/wp\/v2\/media\/834"}],"wp:attachment":[{"href":"https:\/\/www.pueblamio.com\/noticiasyeventos\/wp-json\/wp\/v2\/media?parent=833"}],"wp:term":[{"taxonomy":"category","embeddable":true,"href":"https:\/\/www.pueblamio.com\/noticiasyeventos\/wp-json\/wp\/v2\/categories?post=833"},{"taxonomy":"post_tag","embeddable":true,"href":"https:\/\/www.pueblamio.com\/noticiasyeventos\/wp-json\/wp\/v2\/tags?post=833"}],"curies":[{"name":"wp","href":"https:\/\/api.w.org\/{rel}","templated":true}]}}