{"id":821,"date":"2018-04-18T01:33:16","date_gmt":"2018-04-18T01:33:16","guid":{"rendered":"http:\/\/www.pueblamio.com\/noticiasyeventos\/?p=821"},"modified":"2018-04-18T01:33:16","modified_gmt":"2018-04-18T01:33:16","slug":"segundo-curso-de-geriatria-de-primer-contacto-26-de-abril","status":"publish","type":"post","link":"https:\/\/www.pueblamio.com\/noticiasyeventos\/segundo-curso-de-geriatria-de-primer-contacto-26-de-abril\/","title":{"rendered":"Segundo Curso de Geriatr\u00eda de Primer Contacto . 26 de abril"},"content":{"rendered":"<p>\u27a1 Dirigido a:<br \/>\nM\u00e9dicos Generales, Geriatras y Geront\u00f3logos, Cuidadoras, Enfermeras tituladas y generales, Psic\u00f3logos, Fisioterapeutas, Psiquiatras, Profesionistas del \u00e1rea de la Salud y estudiantes del \u00e1rea de la Salud.<\/p>\n<p>\u27a1 Sede:<br \/>\nAuditorio Julio Glockner del \u00e1rea de la salud BUAP.<br \/>\nAvenida 13 sur 2703 Colonia Volcanes, Puebla Pue.<\/p>\n<p>\u27a1 Horas curriculares: 14 Horas.<br \/>\nAval FM BUAP, No. 111918<\/p>\n<p>\u27a1 Costo del programa por participante:<br \/>\na) Profesionistas con c\u00e9dula profesional $800.00<br \/>\nb) Pasantes, estudiantes y p\u00fablico en general $350.00<\/p>\n<p>\u27a1 Promoci\u00f3n del 23 de marzo al 24 de abril de 2018:<br \/>\na) Profesionistas con c\u00e9dula profesional $600.00<br \/>\nb) Pasantes, estudiantes y p\u00fablico en general $300.00<\/p>\n<p>\u27a1 Inscripciones:\u00a0<a href=\"https:\/\/l.facebook.com\/l.php?u=http%3A%2F%2Fbit.ly%2F2geriatria&amp;h=ATNC4Bp0uxzoM9izbWDfsfW0cp1bbotESHVj0b9MXz3Y7O8H8T-pyFk1pbxfd2PlJIA7Zox-MNC8FeT1LcyHHJTDv01ZwsGHHhr4Pk_EHm26As6S0cY&amp;s=1\">http:\/\/bit.ly\/2geriatria<\/a>.<\/p>\n<p>\u27a1 Programa:<\/p>\n<p>Jueves 26 de abril<\/p>\n<p>9:30 a 10:00<br \/>\nDr. Agust\u00edn Mart\u00ednez Mora<br \/>\nIntroducci\u00f3n al curso<\/p>\n<p>10:00 a 10:40 Dr.<br \/>\nHugo Eloy Mel\u00e9ndez Aguilar<br \/>\nEl enfoque fisiol\u00f3gico y fisiopatol\u00f3gico para la atenci\u00f3n del anciano<\/p>\n<p>10:40 a 11:20<br \/>\nDra. Nora Ligia Flores Ernult<br \/>\nEvaluaci\u00f3n geri\u00e1trica inicial<\/p>\n<p>11:40 a 12:20<br \/>\nDr. Agust\u00edn Mart\u00ednez Mora<br \/>\nS\u00edndromes geri\u00e1tricos<\/p>\n<p>12:20 a 13:00<br \/>\nDr. Santiago Oscar Pazar\u00e1n Zanella<br \/>\nLa familia y el adulto mayor<\/p>\n<p>13:00 a 13:40<br \/>\nDr. Felipe Flores Flores<br \/>\nTrastornos end\u00f3crinos m\u00e1s frecuentes adultos mayores<\/p>\n<p>13:40 a 14:50<br \/>\nDr. Jos\u00e9 Eduardo Garc\u00eda Illescas<br \/>\nEntender lo que piensa y c\u00f3mo piensa un anciano. Deterioro cognitivo en la tercera edad<\/p>\n<p>Viernes 27 de abril<\/p>\n<p>8:30 a 9:30<br \/>\nDra. Eva Ram\u00edrez Robledo<br \/>\nCu\u00e1ndo y c\u00f3mo usar las escalas geri\u00e1tricas<\/p>\n<p>9:30 a 10:30<br \/>\nDra. Blanca Ver\u00f3nica Victoria Romero<br \/>\nSexualidad, amor y envejecimiento<\/p>\n<p>10:30 a 11:30<br \/>\nDr. Eulogio L\u00f3pez Calixto<br \/>\nOsteoporosis y fracturas m\u00e1s frecuentes en los adultos mayores<\/p>\n<p>11:45 a 12:30<br \/>\nDr. Jes\u00fas Alberto Islas Ram\u00edrez<br \/>\nValoraci\u00f3n geri\u00e1trica integral<\/p>\n<p>12:30 a 13:15<br \/>\nDr. Francisco Mart\u00edn Gonz\u00e1lez Arroyo<br \/>\nMaltrato en adultos mayores<\/p>\n<p>13:15 a 14:00<br \/>\nDra. Silvia Elena Enr\u00edquez Cruz<br \/>\nAcompa\u00f1amiento tanatol\u00f3gico en el adulto mayor y su familia<\/p>\n<p>14:00 a 14:45<br \/>\nDr. Rub\u00e9n Roberto Carrillo Mu\u00f1oz<br \/>\nDisfunci\u00f3n hormonal y comportamiento sexual en la menopausia.<\/p>\n","protected":false},"excerpt":{"rendered":"<p>\u27a1 Dirigido a: M\u00e9dicos Generales, Geriatras y Geront\u00f3logos, Cuidadoras, Enfermeras tituladas y generales, Psic\u00f3logos, Fisioterapeutas, Psiquiatras, Profesionistas del \u00e1rea de la Salud y estudiantes del \u00e1rea de la Salud. \u27a1 Sede: Auditorio Julio Glockner del \u00e1rea de la salud BUAP. Avenida 13 sur 2703 Colonia Volcanes, Puebla Pue. \u27a1 Horas curriculares: 14 Horas. Aval FM [&hellip;]<\/p>\n","protected":false},"author":2,"featured_media":822,"comment_status":"closed","ping_status":"closed","sticky":false,"template":"","format":"standard","meta":{"footnotes":""},"categories":[29],"tags":[],"_links":{"self":[{"href":"https:\/\/www.pueblamio.com\/noticiasyeventos\/wp-json\/wp\/v2\/posts\/821"}],"collection":[{"href":"https:\/\/www.pueblamio.com\/noticiasyeventos\/wp-json\/wp\/v2\/posts"}],"about":[{"href":"https:\/\/www.pueblamio.com\/noticiasyeventos\/wp-json\/wp\/v2\/types\/post"}],"author":[{"embeddable":true,"href":"https:\/\/www.pueblamio.com\/noticiasyeventos\/wp-json\/wp\/v2\/users\/2"}],"replies":[{"embeddable":true,"href":"https:\/\/www.pueblamio.com\/noticiasyeventos\/wp-json\/wp\/v2\/comments?post=821"}],"version-history":[{"count":1,"href":"https:\/\/www.pueblamio.com\/noticiasyeventos\/wp-json\/wp\/v2\/posts\/821\/revisions"}],"predecessor-version":[{"id":823,"href":"https:\/\/www.pueblamio.com\/noticiasyeventos\/wp-json\/wp\/v2\/posts\/821\/revisions\/823"}],"wp:featuredmedia":[{"embeddable":true,"href":"https:\/\/www.pueblamio.com\/noticiasyeventos\/wp-json\/wp\/v2\/media\/822"}],"wp:attachment":[{"href":"https:\/\/www.pueblamio.com\/noticiasyeventos\/wp-json\/wp\/v2\/media?parent=821"}],"wp:term":[{"taxonomy":"category","embeddable":true,"href":"https:\/\/www.pueblamio.com\/noticiasyeventos\/wp-json\/wp\/v2\/categories?post=821"},{"taxonomy":"post_tag","embeddable":true,"href":"https:\/\/www.pueblamio.com\/noticiasyeventos\/wp-json\/wp\/v2\/tags?post=821"}],"curies":[{"name":"wp","href":"https:\/\/api.w.org\/{rel}","templated":true}]}}