{"id":788,"date":"2018-04-15T22:34:40","date_gmt":"2018-04-15T22:34:40","guid":{"rendered":"http:\/\/www.pueblamio.com\/noticiasyeventos\/?p=788"},"modified":"2018-04-15T22:34:40","modified_gmt":"2018-04-15T22:34:40","slug":"cinema-veinte-fronteras-e-identidades-abril-y-mayo","status":"publish","type":"post","link":"https:\/\/www.pueblamio.com\/noticiasyeventos\/cinema-veinte-fronteras-e-identidades-abril-y-mayo\/","title":{"rendered":"Cinema Veinte: Fronteras e Identidades . abril y mayo"},"content":{"rendered":"<p>Ciclo: Fronteras e identidades<\/p>\n<p>PROGRAMACI\u00d3N<\/p>\n<p>Jueves 12 de abril I 18:00 hrs<br \/>\nLa pirogue\/ La piragua<br \/>\nDirecci\u00f3n: Moussa Tour\u00e9 , 2011 , Francia, 87min.<br \/>\nSinopsis: Baye Laye es el capit\u00e1n de una piragua de pesca en un pueblo de Senegal. Junto con 30 hombres deciden embarcarse en un peligroso viaje por el oc\u00e9ano Atl\u00e1ntico dejando atr\u00e1s su trabajo y familias en busca de una mejor vida en Espa\u00f1a. Nadie sabe lo que les espera atravesando el mar.<\/p>\n<p>Jueves 19 de abril I 18:00 hrs<br \/>\nLe Havre\/ El Havre<br \/>\nDirecci\u00f3n: Aki Kaurism\u00e4ki, 2011, Francia, 94min.<br \/>\nSinopsis: Marcel Marx, famoso escritor, deja su vida literaria por lustrar botas en la ciudad de El Havre, Francia. Su tranquila vida es sorprendida al encontrar a un ni\u00f1o inmigrante de \u00c1frica que llega en la caja de cargamento de un barco. Con optimismo y apoyo incondicional, Marcel se enfrentar\u00e1 a las fr\u00edas pol\u00edticas del Estado para salvaguardar al ni\u00f1o de caer en manos de la polic\u00eda.<\/p>\n<p>Jueves 26 de abril I 18:00 hrs<br \/>\nHope<br \/>\nDirecci\u00f3n: Boris Lojkine, 2013, Francia, 86 min.<br \/>\nSinopsis: En busca del mismo sue\u00f1o, Le\u00f3nard conoce a Hope en el desierto del Sahara. \u00c9l viaja desde Camer\u00fan y ella desde Nigeria, ambos se enfrentar\u00e1n al racismo, la violencia y las dificultades de atravesar el norte de \u00c1frica para llegar a Europa. Juntos aprender\u00e1n a conocerse y amarse para conseguir su objetivo.<\/p>\n<p>Jueves 3 de mayo I 18:00 hrs<br \/>\nL\u2019escale \/ La escala<br \/>\nDocumental, Direcci\u00f3n: Kaveh Bakhtiari, 2012, Francia, 100 min.<br \/>\nSinopsis: El documental muestra la comunidad que se crea en la casa de Amir, un inmigrante iran\u00ed en Atenas, el primer punto de descanso entre Oriente y Europa. La casa de Amir es una escala hacia mejores oportunidades de vida. Una espera donde buscar\u00e1n papeles y maneras de ayudarse todos en la traves\u00eda. En el documental se muestra un fuerte sentido de solidaridad y hermandad en los procesos de incertidumbre.<\/p>\n<p>Jueves 10 de mayo I 18:00 hrs<br \/>\nFatima<br \/>\nDirecci\u00f3n: Philippe Faucon , 2015, Francia, 79 min.<br \/>\nSinopsis: Fatima es una mujer musulmana que vive con sus dos hijas en Francia. Trabaja limpiando casas pero apenas habla franc\u00e9s, eso le causar\u00e1 graves conflictos emocionales con sus hijas. Entre el orgullo y la frustraci\u00f3n de vivir en una cultura a\u00fan desconocida, F\u00e1tima comienza a escribirles a sus hijas en \u00e1rabe aquello que jam\u00e1s podr\u00eda decirles en franc\u00e9s.<\/p>\n<p>Jueves 17 de mayo I 18:00 hrs<br \/>\nQui vive\/ Alerta<br \/>\nDirecci\u00f3n: Marianne Tardieu, 2014, Francia, 83 min.<br \/>\nSinopsis: Ch\u00e9rif es un treinta\u00f1ero que sue\u00f1a en convertirse en enfermero. Mientras tanto, vive con sus padres y trabaja como guardia de seguridad en un centro comercial a las afueras de la ciudad. Cuando Ch\u00e9rif se enamora de Jenny en un cami\u00f3n, todo parece ir mejor, hasta que un grupo de j\u00f3venes le hacen la vida imposible en el centro comercial y siente que sus sue\u00f1os de titularse y estar con Jenny se desvanecen d\u00eda con d\u00eda.<\/p>\n<p>Jueves 24 de mayo I 18:00 hrs<br \/>\nFi\u00e8vres\/ Fiebre<br \/>\nDirecci\u00f3n: Hicham Ayouch, 2013, Francia, 89 min.<br \/>\nSinopsis: Benjamin a sus trece a\u00f1os comienza una b\u00fasqueda por su padre que no conoces tras el encarcelamiento de su madre. Su vida cambia dr\u00e1sticamente en los suburbios de Par\u00eds donde la vida le resulta dif\u00edcil y violenta. Benjamin y su padre aprender\u00e1n a ser familia despu\u00e9s de repentino golpe a la vida.<\/p>\n<p>Jueves 31 de mayo I 18:00 hrs<br \/>\nLa cour de Babel \/ La escuela de Babel<br \/>\nDocumental, Direcci\u00f3n: Julie Bertuccelli, 2014, Francia, 89 min.<br \/>\nSinopsis: Julie Bertuccelli se adentra en un sal\u00f3n de clases donde se imparte franc\u00e9s para ni\u00f1os migrantes de 11 a 15 a\u00f1os. La inocencia y honestidad de los alumnos revelan cu\u00e1n dif\u00edcil puede ser enfrentarse a un pa\u00eds diferente, una lengua desconocida y el estar separados de su familia. Bertuccelli muestra en estos ni\u00f1os la esperanza humana de triunfar en la b\u00fasqueda de un mejor futuro lejos de casa.<\/p>\n<p>ENTRADA LIBRE<br \/>\nAuditorio de la Alianza Francesa Puebla<br \/>\n2 sur 4920 Colonia San Baltazar Campeche<br \/>\n<a href=\"https:\/\/l.facebook.com\/l.php?u=http%3A%2F%2Fwww.alianzafrancesa.org.mx%2FPuebla&amp;h=ATN4rU3JyTPIdSn5ESiaacLoOKaFaNKmvUoIDNt7NITCjPKaR1YtpAToHJAi4SwnWa0voj4v3KTB7MaELjMvpeerlsPak8jHt0716yjBxpWwzu9K1Tg&amp;s=1\">www.alianzafrancesa.org.mx\/Puebla<\/a><\/p>\n","protected":false},"excerpt":{"rendered":"<p>Ciclo: Fronteras e identidades PROGRAMACI\u00d3N Jueves 12 de abril I 18:00 hrs La pirogue\/ La piragua Direcci\u00f3n: Moussa Tour\u00e9 , 2011 , Francia, 87min. Sinopsis: Baye Laye es el capit\u00e1n de una piragua de pesca en un pueblo de Senegal. Junto con 30 hombres deciden embarcarse en un peligroso viaje por el oc\u00e9ano Atl\u00e1ntico dejando [&hellip;]<\/p>\n","protected":false},"author":2,"featured_media":789,"comment_status":"closed","ping_status":"closed","sticky":false,"template":"","format":"standard","meta":{"footnotes":""},"categories":[29],"tags":[],"_links":{"self":[{"href":"https:\/\/www.pueblamio.com\/noticiasyeventos\/wp-json\/wp\/v2\/posts\/788"}],"collection":[{"href":"https:\/\/www.pueblamio.com\/noticiasyeventos\/wp-json\/wp\/v2\/posts"}],"about":[{"href":"https:\/\/www.pueblamio.com\/noticiasyeventos\/wp-json\/wp\/v2\/types\/post"}],"author":[{"embeddable":true,"href":"https:\/\/www.pueblamio.com\/noticiasyeventos\/wp-json\/wp\/v2\/users\/2"}],"replies":[{"embeddable":true,"href":"https:\/\/www.pueblamio.com\/noticiasyeventos\/wp-json\/wp\/v2\/comments?post=788"}],"version-history":[{"count":1,"href":"https:\/\/www.pueblamio.com\/noticiasyeventos\/wp-json\/wp\/v2\/posts\/788\/revisions"}],"predecessor-version":[{"id":790,"href":"https:\/\/www.pueblamio.com\/noticiasyeventos\/wp-json\/wp\/v2\/posts\/788\/revisions\/790"}],"wp:featuredmedia":[{"embeddable":true,"href":"https:\/\/www.pueblamio.com\/noticiasyeventos\/wp-json\/wp\/v2\/media\/789"}],"wp:attachment":[{"href":"https:\/\/www.pueblamio.com\/noticiasyeventos\/wp-json\/wp\/v2\/media?parent=788"}],"wp:term":[{"taxonomy":"category","embeddable":true,"href":"https:\/\/www.pueblamio.com\/noticiasyeventos\/wp-json\/wp\/v2\/categories?post=788"},{"taxonomy":"post_tag","embeddable":true,"href":"https:\/\/www.pueblamio.com\/noticiasyeventos\/wp-json\/wp\/v2\/tags?post=788"}],"curies":[{"name":"wp","href":"https:\/\/api.w.org\/{rel}","templated":true}]}}