{"id":386,"date":"2018-03-24T03:06:07","date_gmt":"2018-03-24T03:06:07","guid":{"rendered":"http:\/\/www.pueblamio.com\/noticiasyeventos\/?p=386"},"modified":"2018-03-24T03:06:07","modified_gmt":"2018-03-24T03:06:07","slug":"fiesta-de-la-patrona-guacamaya-21-de-abril","status":"publish","type":"post","link":"https:\/\/www.pueblamio.com\/noticiasyeventos\/fiesta-de-la-patrona-guacamaya-21-de-abril\/","title":{"rendered":"Fiesta de La Patrona Guacamaya . 21 de abril"},"content":{"rendered":"<p>\u00a1\u00a1\u00a1Guacamayas del mundo!!!<\/p>\n<p>Dado que la 4ta edici\u00f3n del festival se pospuso para el 2019, este a\u00f1o decidimos hacer una fiesta colorida, para juntarnos a celebrar, a bailar y a honrar a nuestra Patrona Guacamaya, que ha permitido que todo esto suceda \u2665<\/p>\n<p>Tendremos dos propuestas de m\u00fasica imperdibles:\u00a0<a href=\"https:\/\/www.facebook.com\/SilvanaEstr\/\" data-hovercard=\"\/ajax\/hovercard\/page.php?id=366878963653098&amp;extragetparams=%7B%22directed_target_id%22%3A152169005593482%7D\" data-hovercard-prefer-more-content-show=\"1\">Silvana Estrada<\/a>\u00a0y<a href=\"https:\/\/www.facebook.com\/alejandroarrasmusic\/\" data-hovercard=\"\/ajax\/hovercard\/page.php?id=109979896329852&amp;extragetparams=%7B%22directed_target_id%22%3A152169005593482%7D\" data-hovercard-prefer-more-content-show=\"1\">Alejandro Arras<\/a>. Habr\u00e1 poes\u00eda y una intervenci\u00f3n colectiva a cargo de\u00a0<a href=\"https:\/\/www.facebook.com\/tejidointuitivo\/\" data-hovercard=\"\/ajax\/hovercard\/page.php?id=853240158164574&amp;extragetparams=%7B%22directed_target_id%22%3A152169005593482%7D\" data-hovercard-prefer-more-content-show=\"1\">Tejido intuitivo .:.<\/a>. Para cerrar la noche, tendremos, nada m\u00e1s y nada menos que, \u00a1un social de baile!: Salsa, Cumbia, Bachata y Kizomba, para raspar huarache y mover caderas.<\/p>\n<p>Todo esto suceder\u00e1 el s\u00e1bado 21 de abril, en el bell\u00edsimo espacio de\u00a0<a href=\"https:\/\/www.facebook.com\/casasumerio\/\" data-hovercard=\"\/ajax\/hovercard\/page.php?id=418661131822179&amp;extragetparams=%7B%22directed_target_id%22%3A152169005593482%7D\" data-hovercard-prefer-more-content-show=\"1\">Casa Sumerio<\/a>, que cuenta con deliciosos mezcales y comida oaxaque\u00f1a \u2665<br \/>\nLes avisamos\u00a0<span class=\"text_exposed_show\">desde ya, para que aparten la fecha y no se les ocurra perderse este cotorreo, que ser\u00e1 \u00fanico.<\/p>\n<p>Cooperaci\u00f3n: $100<br \/>\n*Los boletos se vender\u00e1n ese mismo d\u00eda en la entrada del evento. \u00a1Lleguen temprano! \ud83d\ude42<\/p>\n<p>\u00a1\u00a1Ah\u00ed nos vemos!! \u2665<\/p>\n<p><a class=\"_58cn\" href=\"https:\/\/www.facebook.com\/hashtag\/lafiestadelapatrona\" data-ft=\"{&quot;tn&quot;:&quot;*N&quot;,&quot;type&quot;:104}\">#LaFiestaDeLaPatrona<\/a>\u00a0#2018\u00a0<a class=\"_58cn\" href=\"https:\/\/www.facebook.com\/hashtag\/hagamosparvada\" data-ft=\"{&quot;tn&quot;:&quot;*N&quot;,&quot;type&quot;:104}\">#HagamosParvada<\/a><a class=\"_58cn\" href=\"https:\/\/www.facebook.com\/hashtag\/prep%C3%A1renseparaloqueviene\" data-ft=\"{&quot;tn&quot;:&quot;*N&quot;,&quot;type&quot;:104}\">#Prep\u00e1renseParaLoQueViene<\/a>\u00a0<a class=\"_58cn\" href=\"https:\/\/www.facebook.com\/hashtag\/m%C3%BAsica\" data-ft=\"{&quot;tn&quot;:&quot;*N&quot;,&quot;type&quot;:104}\">#M\u00fasica<\/a>\u00a0<a class=\"_58cn\" href=\"https:\/\/www.facebook.com\/hashtag\/arte\" data-ft=\"{&quot;tn&quot;:&quot;*N&quot;,&quot;type&quot;:104}\">#Arte<\/a>\u00a0<a class=\"_58cn\" href=\"https:\/\/www.facebook.com\/hashtag\/colectivo\" data-ft=\"{&quot;tn&quot;:&quot;*N&quot;,&quot;type&quot;:104}\">#Colectivo<\/a>\u00a0<a class=\"_58cn\" href=\"https:\/\/www.facebook.com\/hashtag\/cholula\" data-ft=\"{&quot;tn&quot;:&quot;*N&quot;,&quot;type&quot;:104}\">#Cholula<\/a>\u00a0<a class=\"_58cn\" href=\"https:\/\/www.facebook.com\/hashtag\/m%C3%A9xico\" data-ft=\"{&quot;tn&quot;:&quot;*N&quot;,&quot;type&quot;:104}\">#M\u00e9xico<\/a><a class=\"_58cn\" href=\"https:\/\/www.facebook.com\/hashtag\/econom%C3%ADalocal\" data-ft=\"{&quot;tn&quot;:&quot;*N&quot;,&quot;type&quot;:104}\">#Econom\u00edaLocal<\/a>\u00a0<a class=\"_58cn\" href=\"https:\/\/www.facebook.com\/hashtag\/autogesti%C3%B3n\" data-ft=\"{&quot;tn&quot;:&quot;*N&quot;,&quot;type&quot;:104}\">#Autogesti\u00f3n<\/a><\/span><\/p>\n","protected":false},"excerpt":{"rendered":"<p>\u00a1\u00a1\u00a1Guacamayas del mundo!!! Dado que la 4ta edici\u00f3n del festival se pospuso para el 2019, este a\u00f1o decidimos hacer una fiesta colorida, para juntarnos a celebrar, a bailar y a honrar a nuestra Patrona Guacamaya, que ha permitido que todo esto suceda \u2665 Tendremos dos propuestas de m\u00fasica imperdibles:\u00a0Silvana Estrada\u00a0yAlejandro Arras. Habr\u00e1 poes\u00eda y una [&hellip;]<\/p>\n","protected":false},"author":2,"featured_media":387,"comment_status":"closed","ping_status":"closed","sticky":false,"template":"","format":"standard","meta":{"footnotes":""},"categories":[23],"tags":[],"_links":{"self":[{"href":"https:\/\/www.pueblamio.com\/noticiasyeventos\/wp-json\/wp\/v2\/posts\/386"}],"collection":[{"href":"https:\/\/www.pueblamio.com\/noticiasyeventos\/wp-json\/wp\/v2\/posts"}],"about":[{"href":"https:\/\/www.pueblamio.com\/noticiasyeventos\/wp-json\/wp\/v2\/types\/post"}],"author":[{"embeddable":true,"href":"https:\/\/www.pueblamio.com\/noticiasyeventos\/wp-json\/wp\/v2\/users\/2"}],"replies":[{"embeddable":true,"href":"https:\/\/www.pueblamio.com\/noticiasyeventos\/wp-json\/wp\/v2\/comments?post=386"}],"version-history":[{"count":1,"href":"https:\/\/www.pueblamio.com\/noticiasyeventos\/wp-json\/wp\/v2\/posts\/386\/revisions"}],"predecessor-version":[{"id":388,"href":"https:\/\/www.pueblamio.com\/noticiasyeventos\/wp-json\/wp\/v2\/posts\/386\/revisions\/388"}],"wp:featuredmedia":[{"embeddable":true,"href":"https:\/\/www.pueblamio.com\/noticiasyeventos\/wp-json\/wp\/v2\/media\/387"}],"wp:attachment":[{"href":"https:\/\/www.pueblamio.com\/noticiasyeventos\/wp-json\/wp\/v2\/media?parent=386"}],"wp:term":[{"taxonomy":"category","embeddable":true,"href":"https:\/\/www.pueblamio.com\/noticiasyeventos\/wp-json\/wp\/v2\/categories?post=386"},{"taxonomy":"post_tag","embeddable":true,"href":"https:\/\/www.pueblamio.com\/noticiasyeventos\/wp-json\/wp\/v2\/tags?post=386"}],"curies":[{"name":"wp","href":"https:\/\/api.w.org\/{rel}","templated":true}]}}