{"id":291,"date":"2018-03-17T23:14:09","date_gmt":"2018-03-17T23:14:09","guid":{"rendered":"http:\/\/www.pueblamio.com\/noticiasyeventos\/?p=291"},"modified":"2018-03-17T23:14:09","modified_gmt":"2018-03-17T23:14:09","slug":"12a-temporada-de-conciertos-del-coro-sinfonico-buap","status":"publish","type":"post","link":"https:\/\/www.pueblamio.com\/noticiasyeventos\/12a-temporada-de-conciertos-del-coro-sinfonico-buap\/","title":{"rendered":"12\u00aa Temporada De Conciertos Del Coro Sinf\u00f3nico BUAP"},"content":{"rendered":"<p>El Coro Sinf\u00f3nico BUAP te invita a seguir disfrutando de su 12\u00aa Temporada de Conciertos. En esta presentaci\u00f3n, el p\u00fablico podr\u00e1 deleitarse con hermosas obras corales y de solistas. Adem\u00e1s, este concierto ser\u00e1 muy especial ya que se realizar\u00e1 la presentaci\u00f3n oficial del nuevo pianista del Coro Sinf\u00f3nico, Sergio Bocanegra, quien interpretar\u00e1 algunas piezas especialmente dedicadas para el p\u00fablico asistente.<\/p>\n<p>CORO SINF\u00d3NICO BUAP (COROSBUAP)<\/p>\n<p>Director: Doctor Radek Materka<\/p>\n<p>&nbsp;<\/p>\n<p>Pianista: Sergio Bocanegra<\/p>\n<p>Responsable Administrativo y de Gesti\u00f3n Cultural: Manola Manjarrez \u00c1lvarez<\/p>\n<p>Bibliotecario y Apoyo Administrativo: V\u00edctor Gerardo Mart\u00ednez Ramos<\/p>\n<p>&nbsp;<\/p>\n<p>El Coro Sinf\u00f3nico de la Benem\u00e9rita Universidad Aut\u00f3noma de Puebla (COROSBUAP) naci\u00f3 en septiembre de 2011 e hizo su debut oficial el 11 de diciembre del mismo a\u00f1o con la Orquesta Sinf\u00f3nica de la BUAP interpretando la Novena Sinfon\u00eda en re menor, op. 125 de Ludwig van Beethoven. Cuenta con 80 integrantes y tiene como sede el Complejo Cultural Universitario de la BUAP. Desde su creaci\u00f3n, el COROSBUAP ha interpretado obras de distintos g\u00e9neros, entre las que destacan\u00a0<em>R\u00e9quiem en re menor, K 626,<\/em>\u00a0de Wolfgang Amadeus Mozart,\u00a0<em>Gloria en re mayor, RV 589,<\/em>\u00a0de Antonio Vivaldi, la\u00a0<em>Fantas\u00eda para Piano, Coro y Orquesta en do menor op. 80,<\/em>\u00a0de Ludwig van Beethoven, la\u00a0<em>Cantata Alexander Nevsky, op. 78,\u00a0<\/em>de Sergey Prokofiev, coros de \u00f3pera, oratorio y m\u00fasica a capela, la cual abarca repertorio polif\u00f3nico, latinoamericano, mexicano, internacional y contempor\u00e1neo, entre otros. El Coro Sinf\u00f3nico de la BUAP se especializa en el Repertorio Sinf\u00f3nico Coral, aunque tambi\u00e9n interpreta todo tipo de m\u00fasica para coro abarcando todos los periodos musicales. Es anfitri\u00f3n de las temporadas de Conciertos Corales en el CCU BUAP, en las cuales invita a otros coros, ensambles y solistas para compartir escenario. A partir de 2014, se convirti\u00f3 en la quinta compa\u00f1\u00eda art\u00edstica del Complejo Cultural Universitario de la BUAP. El Coro Sinf\u00f3nico de la BUAP busca que los integrantes logren obtener los beneficios que la participaci\u00f3n activa en la cultura les ofrece y fomentar el talento art\u00edstico de toda la comunidad universitaria: alumnos, maestros, trabajadores, egresados y jubilados, as\u00ed como de los miembros pertenecientes a la sociedad en general.<\/p>\n<p>&nbsp;<\/p>\n<p>&nbsp;<\/p>\n<table border=\"1\">\n<tbody>\n<tr>\n<td bgcolor=\"#134C75\" width=\"200\"><span style=\"color: #ffffff; font-family: BebasNeueRegular; font-size: xx-small;\">CLASIFICACI\u00d3N:<\/span><\/td>\n<td><span style=\"color: #000000; font-family: BebasNeueRegular; font-size: xx-small;\">General<\/span><\/td>\n<\/tr>\n<\/tbody>\n<\/table>\n<table border=\"1\">\n<tbody>\n<tr>\n<td bgcolor=\"#134C75\" width=\"200\"><span style=\"color: #ffffff; font-family: BebasNeueRegular; font-size: xx-small;\">LUGAR:<\/span><\/td>\n<td><span style=\"color: #000000; font-family: BebasNeueRegular; font-size: xx-small;\">Teatro<\/span><\/td>\n<\/tr>\n<\/tbody>\n<\/table>\n<table border=\"1\">\n<tbody>\n<tr>\n<td bgcolor=\"#134C75\" width=\"200\"><span style=\"color: #ffffff; font-family: BebasNeueRegular; font-size: xx-small;\">COSTO:<\/span><\/td>\n<td><span style=\"color: #000000; font-family: BebasNeueRegular; font-size: xx-small;\">$ 35 Entrada general<br \/>\n$ 20 BUAP e INAPAM<br \/>\n<\/span><\/td>\n<\/tr>\n<\/tbody>\n<\/table>\n<table border=\"1\">\n<tbody>\n<tr>\n<td bgcolor=\"#134C75\" width=\"200\"><span style=\"color: #ffffff; font-family: BebasNeueRegular; font-size: xx-small;\">NOTA:<\/span><\/td>\n<td><span style=\"color: #000000; font-family: BebasNeueRegular; font-size: xx-small;\">Datos de Contacto para informes al P\u00fablico:<br \/>\nTel: 229-55-00 ext. 2619<br \/>\ncoro.sinfonico@correo.buap.mx<br \/>\ncompanias.artisticas@correo.buap.mx<br \/>\n<\/span><\/td>\n<\/tr>\n<\/tbody>\n<\/table>\n<p><span style=\"color: #134c75; font-family: BebasNeueRegular; font-size: small;\">PRESENTACIONES:<\/span><\/p>\n<table border=\"1\">\n<tbody>\n<tr>\n<td>FECHA<\/td>\n<td>HORA<\/td>\n<\/tr>\n<tr>\n<td width=\"200\"><span style=\"color: #000000; font-family: BebasNeueRegular; font-size: xx-small;\">Marzo 25<\/span><\/td>\n<td><span style=\"color: #000000; font-family: BebasNeueRegular; font-size: xx-small;\">17:00 hrs.<\/span><\/td>\n<\/tr>\n<\/tbody>\n<\/table>\n","protected":false},"excerpt":{"rendered":"<p>El Coro Sinf\u00f3nico BUAP te invita a seguir disfrutando de su 12\u00aa Temporada de Conciertos. En esta presentaci\u00f3n, el p\u00fablico podr\u00e1 deleitarse con hermosas obras corales y de solistas. Adem\u00e1s, este concierto ser\u00e1 muy especial ya que se realizar\u00e1 la presentaci\u00f3n oficial del nuevo pianista del Coro Sinf\u00f3nico, Sergio Bocanegra, quien interpretar\u00e1 algunas piezas especialmente [&hellip;]<\/p>\n","protected":false},"author":2,"featured_media":292,"comment_status":"closed","ping_status":"closed","sticky":false,"template":"","format":"standard","meta":{"footnotes":""},"categories":[22],"tags":[],"_links":{"self":[{"href":"https:\/\/www.pueblamio.com\/noticiasyeventos\/wp-json\/wp\/v2\/posts\/291"}],"collection":[{"href":"https:\/\/www.pueblamio.com\/noticiasyeventos\/wp-json\/wp\/v2\/posts"}],"about":[{"href":"https:\/\/www.pueblamio.com\/noticiasyeventos\/wp-json\/wp\/v2\/types\/post"}],"author":[{"embeddable":true,"href":"https:\/\/www.pueblamio.com\/noticiasyeventos\/wp-json\/wp\/v2\/users\/2"}],"replies":[{"embeddable":true,"href":"https:\/\/www.pueblamio.com\/noticiasyeventos\/wp-json\/wp\/v2\/comments?post=291"}],"version-history":[{"count":1,"href":"https:\/\/www.pueblamio.com\/noticiasyeventos\/wp-json\/wp\/v2\/posts\/291\/revisions"}],"predecessor-version":[{"id":293,"href":"https:\/\/www.pueblamio.com\/noticiasyeventos\/wp-json\/wp\/v2\/posts\/291\/revisions\/293"}],"wp:featuredmedia":[{"embeddable":true,"href":"https:\/\/www.pueblamio.com\/noticiasyeventos\/wp-json\/wp\/v2\/media\/292"}],"wp:attachment":[{"href":"https:\/\/www.pueblamio.com\/noticiasyeventos\/wp-json\/wp\/v2\/media?parent=291"}],"wp:term":[{"taxonomy":"category","embeddable":true,"href":"https:\/\/www.pueblamio.com\/noticiasyeventos\/wp-json\/wp\/v2\/categories?post=291"},{"taxonomy":"post_tag","embeddable":true,"href":"https:\/\/www.pueblamio.com\/noticiasyeventos\/wp-json\/wp\/v2\/tags?post=291"}],"curies":[{"name":"wp","href":"https:\/\/api.w.org\/{rel}","templated":true}]}}