{"id":285,"date":"2018-03-17T22:48:08","date_gmt":"2018-03-17T22:48:08","guid":{"rendered":"http:\/\/www.pueblamio.com\/noticiasyeventos\/?p=285"},"modified":"2018-03-17T22:48:08","modified_gmt":"2018-03-17T22:48:08","slug":"18a-temporada-de-piano-22-de-marzo","status":"publish","type":"post","link":"https:\/\/www.pueblamio.com\/noticiasyeventos\/18a-temporada-de-piano-22-de-marzo\/","title":{"rendered":"18\u00aa Temporada de Piano . 22 de marzo"},"content":{"rendered":"<p><strong>Abraham Morales<\/strong><\/p>\n<p>Realiz\u00f3 sus estudios musicales en el Conservatorio de M\u00fasica del Estado de Puebla, en la Universidad de las Am\u00e9ricas\u00a0Puebla (UDLAP) y en el\u00a0College-Conservatory\u00a0of\u00a0Music\u00a0de la Universidad de Cincinnati, donde obtuvo su\u00a0maestr\u00eda\u00a0como pianista ejecutante. Posteriormente, realiz\u00f3 sus estudios de perfeccionamiento en la Accademia\u00a0Musicale\u00a0Chigiana con el pianista Alexander\u00a0Lonquich. Sus principales maestros han sido Daniel Rodr\u00edguez,\u00a0Misa\u00a0Ito,\u00a0Elisabeth\u00a0y Eugene\u00a0Pridonoff. Asimismo, ha recibido clases magistrales de Oscar\u00a0Tarrag\u00f3, Jorge Federico Osorio,\u00a0Jon\u00a0Kimura\u00a0Parker,\u00a0James\u00a0Tocco, Idil Biret y Leonel Morales y de m\u00fasica contempor\u00e1nea con el compositor y pianista\u00a0Frederic\u00a0Rzewski.<\/p>\n<p>Se ha presentado en importantes foros de\u00a0M\u00e9xico, Estados Unidos, Francia e Italia, entre los que destacan\u00a0la Sala Blas Galindo, la Sala Xochipilli de la Escuela Nacional de M\u00fasica de la UNAM, la Sala Silvestre Revueltas del Centro Cultural\u00a0Ollin\u00a0Yoliztli, Palazzo\u00a0Chigi\u00a0en Siena, Werner Recital Hall en Cincinnati y Yamaha Artist Services Piano Hall en New York.\u00a0Tambi\u00e9n se ha presentado como solista en los festivales\u00a0Cameralia,\u00a0Discantus\u00a0y el Festival Internacional de Puebla, y como pianista acompa\u00f1ante en los Festivales Universitarios de Viol\u00edn y Oboe de la Facultad de M\u00fasica UNAM. Ha realizado presentaciones para Radio IMER.<\/p>\n<p>En m\u00fasica de c\u00e1mara ha colaborado con destacados artistas como Juan Manuel Garc\u00eda Cano (oboe), Gerardo Ledezma (fagot), Miguel\u00a0Villafruela (saxof\u00f3n) y Fernando Escalona (contratenor). Adem\u00e1s, ha sido solista con la Orquesta del Conservatorio de Puebla y la Orquesta de\u00a0la Escuela de Artes de la BUAP.<\/p>\n<p>Al finalizar sus estudios de licenciatura, recibi\u00f3 la distinci\u00f3n\u00a0<em>cum laude<\/em>. Ha\u00a0sido becario del Fondo Nacional para la Cultura y las Artes\u00a0y de la Universidad de Cincinnati. Actualmente,\u00a0es profesor de piano y m\u00fasica de c\u00e1mara en la Escuela de Artes de la BUAP y pianista acompa\u00f1ante en la Escuela Nacional de M\u00fasica.<\/p>\n<p><em>\u00a0<\/em><\/p>\n<p><strong>Programa<\/strong><\/p>\n<p>&nbsp;<\/p>\n<p><strong>Suite Francesa no. 4 en Mi bemol mayor BWV 815 \u2013\u00a0<\/strong>Johann Sebasti\u00e1n Bach\u00a0(1685-1770)<\/p>\n<p><em>Allemande<\/em><\/p>\n<p><em>Courante<\/em><\/p>\n<p><em>Sarabande<\/em><\/p>\n<p><em>Gavotte<\/em><\/p>\n<p><em>Air<\/em><\/p>\n<p><em>Menuet<\/em><\/p>\n<p><em>Gigue<\/em><\/p>\n<p>&nbsp;<\/p>\n<p><strong>Sonata en Re menor op. 31 no. 2 \u201cTempestad\u201d \u2013\u00a0<\/strong>Ludwig van Beethoven\u00a0(1770-1827)<\/p>\n<p><em>Largo-Allegro<\/em><\/p>\n<p><em>Adagio<\/em><\/p>\n<p><em>Allegretto<\/em><\/p>\n<p>&nbsp;<\/p>\n<p><strong>Pausa<\/strong><\/p>\n<p>&nbsp;<\/p>\n<p><strong>Faschingsschwank aus Wien op. 26 \u2013\u00a0<\/strong>Robert Schumann\u00a0(1810-1848)<\/p>\n<ol>\n<li><em>Sehr Lebhaft<\/em><\/li>\n<li><em>Romanze, Ziemlich langsam<\/em><\/li>\n<\/ol>\n<p><em>III. Scherzino<\/em><\/p>\n<p>&nbsp;<\/p>\n<p><strong>Ballade no. 2 en Si menor S.171 \u2013\u00a0<\/strong>Franz Liszt\u00a0(1811-1886)<\/p>\n<p><em>Pianista: Abraham Morales<\/em><\/p>\n<h3><strong>Bienvenidos ni\u00f1os mayores de 7 a\u00f1os.<\/strong><\/h3>\n<p>&nbsp;<\/p>\n<table border=\"1\">\n<tbody>\n<tr>\n<td bgcolor=\"#134C75\" width=\"200\"><span style=\"color: #ffffff; font-family: BebasNeueRegular; font-size: xx-small;\">CLASIFICACI\u00d3N:<\/span><\/td>\n<td><span style=\"color: #000000; font-family: BebasNeueRegular; font-size: xx-small;\">General<\/span><\/td>\n<\/tr>\n<\/tbody>\n<\/table>\n<table border=\"1\">\n<tbody>\n<tr>\n<td bgcolor=\"#134C75\" width=\"200\"><span style=\"color: #ffffff; font-family: BebasNeueRegular; font-size: xx-small;\">LUGAR:<\/span><\/td>\n<td><span style=\"color: #000000; font-family: BebasNeueRegular; font-size: xx-small;\">Sala Sinf\u00f3nica<\/span><\/td>\n<\/tr>\n<\/tbody>\n<\/table>\n<table border=\"1\">\n<tbody>\n<tr>\n<td bgcolor=\"#134C75\" width=\"200\"><span style=\"color: #ffffff; font-family: BebasNeueRegular; font-size: xx-small;\">COSTO:<\/span><\/td>\n<td><span style=\"color: #000000; font-family: BebasNeueRegular; font-size: xx-small;\">Entrada Libre<\/span><\/td>\n<\/tr>\n<\/tbody>\n<\/table>\n<p><span style=\"color: #134c75; font-family: BebasNeueRegular; font-size: small;\">PRESENTACIONES:<\/span><\/p>\n<table border=\"1\">\n<tbody>\n<tr>\n<td>FECHA<\/td>\n<td>HORA<\/td>\n<\/tr>\n<tr>\n<td width=\"200\"><span style=\"color: #000000; font-family: BebasNeueRegular; font-size: xx-small;\">Marzo 22<\/span><\/td>\n<td><span style=\"color: #000000; font-family: BebasNeueRegular; font-size: xx-small;\">19:00 hrs.<\/span><\/td>\n<\/tr>\n<\/tbody>\n<\/table>\n","protected":false},"excerpt":{"rendered":"<p>Abraham Morales Realiz\u00f3 sus estudios musicales en el Conservatorio de M\u00fasica del Estado de Puebla, en la Universidad de las Am\u00e9ricas\u00a0Puebla (UDLAP) y en el\u00a0College-Conservatory\u00a0of\u00a0Music\u00a0de la Universidad de Cincinnati, donde obtuvo su\u00a0maestr\u00eda\u00a0como pianista ejecutante. Posteriormente, realiz\u00f3 sus estudios de perfeccionamiento en la Accademia\u00a0Musicale\u00a0Chigiana con el pianista Alexander\u00a0Lonquich. Sus principales maestros han sido Daniel Rodr\u00edguez,\u00a0Misa\u00a0Ito,\u00a0Elisabeth\u00a0y Eugene\u00a0Pridonoff. [&hellip;]<\/p>\n","protected":false},"author":2,"featured_media":286,"comment_status":"closed","ping_status":"closed","sticky":false,"template":"","format":"standard","meta":{"footnotes":""},"categories":[22],"tags":[],"_links":{"self":[{"href":"https:\/\/www.pueblamio.com\/noticiasyeventos\/wp-json\/wp\/v2\/posts\/285"}],"collection":[{"href":"https:\/\/www.pueblamio.com\/noticiasyeventos\/wp-json\/wp\/v2\/posts"}],"about":[{"href":"https:\/\/www.pueblamio.com\/noticiasyeventos\/wp-json\/wp\/v2\/types\/post"}],"author":[{"embeddable":true,"href":"https:\/\/www.pueblamio.com\/noticiasyeventos\/wp-json\/wp\/v2\/users\/2"}],"replies":[{"embeddable":true,"href":"https:\/\/www.pueblamio.com\/noticiasyeventos\/wp-json\/wp\/v2\/comments?post=285"}],"version-history":[{"count":1,"href":"https:\/\/www.pueblamio.com\/noticiasyeventos\/wp-json\/wp\/v2\/posts\/285\/revisions"}],"predecessor-version":[{"id":287,"href":"https:\/\/www.pueblamio.com\/noticiasyeventos\/wp-json\/wp\/v2\/posts\/285\/revisions\/287"}],"wp:featuredmedia":[{"embeddable":true,"href":"https:\/\/www.pueblamio.com\/noticiasyeventos\/wp-json\/wp\/v2\/media\/286"}],"wp:attachment":[{"href":"https:\/\/www.pueblamio.com\/noticiasyeventos\/wp-json\/wp\/v2\/media?parent=285"}],"wp:term":[{"taxonomy":"category","embeddable":true,"href":"https:\/\/www.pueblamio.com\/noticiasyeventos\/wp-json\/wp\/v2\/categories?post=285"},{"taxonomy":"post_tag","embeddable":true,"href":"https:\/\/www.pueblamio.com\/noticiasyeventos\/wp-json\/wp\/v2\/tags?post=285"}],"curies":[{"name":"wp","href":"https:\/\/api.w.org\/{rel}","templated":true}]}}