{"id":2424,"date":"2019-06-19T19:42:22","date_gmt":"2019-06-19T19:42:22","guid":{"rendered":"https:\/\/www.pueblamio.com\/noticiasyeventos\/?p=2424"},"modified":"2019-06-19T19:42:22","modified_gmt":"2019-06-19T19:42:22","slug":"xxiv-festival-de-la-huasteca","status":"publish","type":"post","link":"https:\/\/www.pueblamio.com\/noticiasyeventos\/xxiv-festival-de-la-huasteca\/","title":{"rendered":"XXIV Festival de la Huasteca"},"content":{"rendered":"<p>Casa de la Cultura Prof. Pedro \u00c1ngel Palou P\u00e9rez ser\u00e1 extensi\u00f3n del XXIV Festival de la Huasteca del 28 al 30 de julio.<br \/>\nTe invitamos a estar pendiente de la programaci\u00f3n.<\/p>\n","protected":false},"excerpt":{"rendered":"<p>Casa de la Cultura Prof. Pedro \u00c1ngel Palou P\u00e9rez ser\u00e1 extensi\u00f3n del XXIV Festival de la Huasteca del 28 al 30 de julio. Te invitamos a estar pendiente de la programaci\u00f3n.<\/p>\n","protected":false},"author":1,"featured_media":2425,"comment_status":"closed","ping_status":"closed","sticky":false,"template":"","format":"standard","meta":{"footnotes":""},"categories":[25,29],"tags":[],"_links":{"self":[{"href":"https:\/\/www.pueblamio.com\/noticiasyeventos\/wp-json\/wp\/v2\/posts\/2424"}],"collection":[{"href":"https:\/\/www.pueblamio.com\/noticiasyeventos\/wp-json\/wp\/v2\/posts"}],"about":[{"href":"https:\/\/www.pueblamio.com\/noticiasyeventos\/wp-json\/wp\/v2\/types\/post"}],"author":[{"embeddable":true,"href":"https:\/\/www.pueblamio.com\/noticiasyeventos\/wp-json\/wp\/v2\/users\/1"}],"replies":[{"embeddable":true,"href":"https:\/\/www.pueblamio.com\/noticiasyeventos\/wp-json\/wp\/v2\/comments?post=2424"}],"version-history":[{"count":1,"href":"https:\/\/www.pueblamio.com\/noticiasyeventos\/wp-json\/wp\/v2\/posts\/2424\/revisions"}],"predecessor-version":[{"id":2426,"href":"https:\/\/www.pueblamio.com\/noticiasyeventos\/wp-json\/wp\/v2\/posts\/2424\/revisions\/2426"}],"wp:featuredmedia":[{"embeddable":true,"href":"https:\/\/www.pueblamio.com\/noticiasyeventos\/wp-json\/wp\/v2\/media\/2425"}],"wp:attachment":[{"href":"https:\/\/www.pueblamio.com\/noticiasyeventos\/wp-json\/wp\/v2\/media?parent=2424"}],"wp:term":[{"taxonomy":"category","embeddable":true,"href":"https:\/\/www.pueblamio.com\/noticiasyeventos\/wp-json\/wp\/v2\/categories?post=2424"},{"taxonomy":"post_tag","embeddable":true,"href":"https:\/\/www.pueblamio.com\/noticiasyeventos\/wp-json\/wp\/v2\/tags?post=2424"}],"curies":[{"name":"wp","href":"https:\/\/api.w.org\/{rel}","templated":true}]}}