{"id":1770,"date":"2018-06-15T05:48:35","date_gmt":"2018-06-15T05:48:35","guid":{"rendered":"http:\/\/www.pueblamio.com\/noticiasyeventos\/?p=1770"},"modified":"2018-06-15T05:48:35","modified_gmt":"2018-06-15T05:48:35","slug":"curso-preservando-la-memoria-del-3-al-25-de-agosto","status":"publish","type":"post","link":"https:\/\/www.pueblamio.com\/noticiasyeventos\/curso-preservando-la-memoria-del-3-al-25-de-agosto\/","title":{"rendered":"Curso: Preservando la Memoria . del 3 al 25 de agosto"},"content":{"rendered":"<p>Este curso abordar\u00e1 la noci\u00f3n de cr\u00f3nica audiovisual, buscando preservar la memoria colectiva e individual de la ciudad. Consulta las bases\u00a0<span class=\"_5mfr _47e3\"><img loading=\"lazy\" decoding=\"async\" class=\"img\" role=\"presentation\" src=\"https:\/\/static.xx.fbcdn.net\/images\/emoji.php\/v9\/f4f\/1\/16\/1f447.png\" alt=\"\" width=\"16\" height=\"16\" \/><a href=\"https:\/\/l.facebook.com\/l.php?u=https%3A%2F%2Fgoo.gl%2F4eNZpd&amp;h=AT0VjAQFfEYO3uZJ7FSRjnbZwgTsfhmErdkSaWTsvxxZA6iIsfy3k-znBkN7dZ8cOKv74GEfp4amRx0OoBY0VVDNSvtRlf6V2dgv7k2MidyrjZy0h91_y7A9YqIw0fzAoJmH_WVW9-2eLLRN8qcz_Q0\" target=\"_blank\" rel=\"noopener nofollow\" data-ft=\"{&quot;tn&quot;:&quot;-U&quot;}\" data-lynx-mode=\"asynclazy\">https:\/\/goo.gl\/4eNZpd<\/a><\/span><\/p>\n","protected":false},"excerpt":{"rendered":"<p>Este curso abordar\u00e1 la noci\u00f3n de cr\u00f3nica audiovisual, buscando preservar la memoria colectiva e individual de la ciudad. Consulta las bases\u00a0https:\/\/goo.gl\/4eNZpd<\/p>\n","protected":false},"author":2,"featured_media":1771,"comment_status":"closed","ping_status":"closed","sticky":false,"template":"","format":"standard","meta":{"footnotes":""},"categories":[29],"tags":[],"_links":{"self":[{"href":"https:\/\/www.pueblamio.com\/noticiasyeventos\/wp-json\/wp\/v2\/posts\/1770"}],"collection":[{"href":"https:\/\/www.pueblamio.com\/noticiasyeventos\/wp-json\/wp\/v2\/posts"}],"about":[{"href":"https:\/\/www.pueblamio.com\/noticiasyeventos\/wp-json\/wp\/v2\/types\/post"}],"author":[{"embeddable":true,"href":"https:\/\/www.pueblamio.com\/noticiasyeventos\/wp-json\/wp\/v2\/users\/2"}],"replies":[{"embeddable":true,"href":"https:\/\/www.pueblamio.com\/noticiasyeventos\/wp-json\/wp\/v2\/comments?post=1770"}],"version-history":[{"count":1,"href":"https:\/\/www.pueblamio.com\/noticiasyeventos\/wp-json\/wp\/v2\/posts\/1770\/revisions"}],"predecessor-version":[{"id":1772,"href":"https:\/\/www.pueblamio.com\/noticiasyeventos\/wp-json\/wp\/v2\/posts\/1770\/revisions\/1772"}],"wp:featuredmedia":[{"embeddable":true,"href":"https:\/\/www.pueblamio.com\/noticiasyeventos\/wp-json\/wp\/v2\/media\/1771"}],"wp:attachment":[{"href":"https:\/\/www.pueblamio.com\/noticiasyeventos\/wp-json\/wp\/v2\/media?parent=1770"}],"wp:term":[{"taxonomy":"category","embeddable":true,"href":"https:\/\/www.pueblamio.com\/noticiasyeventos\/wp-json\/wp\/v2\/categories?post=1770"},{"taxonomy":"post_tag","embeddable":true,"href":"https:\/\/www.pueblamio.com\/noticiasyeventos\/wp-json\/wp\/v2\/tags?post=1770"}],"curies":[{"name":"wp","href":"https:\/\/api.w.org\/{rel}","templated":true}]}}