{"id":1735,"date":"2018-06-13T01:57:50","date_gmt":"2018-06-13T01:57:50","guid":{"rendered":"http:\/\/www.pueblamio.com\/noticiasyeventos\/?p=1735"},"modified":"2018-06-13T01:57:50","modified_gmt":"2018-06-13T01:57:50","slug":"taller-de-produccion-audiovisual-y-edicion-16-de-junio","status":"publish","type":"post","link":"https:\/\/www.pueblamio.com\/noticiasyeventos\/taller-de-produccion-audiovisual-y-edicion-16-de-junio\/","title":{"rendered":"Taller de Producci\u00f3n Audiovisual y Edici\u00f3n . 16 de junio"},"content":{"rendered":"<div class=\"_63eu\">\n<div class=\"_63ew\" data-testid=\"event-permalink-details\">El Taller de Producci\u00f3n Audiovisual y Edici\u00f3n es ideal para desarrollar proyectos audiovisuales.<\/p>\n<p>Aprende t\u00e9cnicas de escritura, direcci\u00f3n, c\u00e1mara y edici\u00f3n digital para crear audiovisuales como videoclips, spots y cortometrajes practicando todas las etapas del proceso: desde la c\u00e1mara hasta la edici\u00f3n en Final Cut.<\/p>\n<p>Construye proyectos audiovisuales completos, aprende iluminaci\u00f3n en set, fotograf\u00eda y montaje de sonido.<\/p><\/div>\n<\/div>\n<ul class=\"_63er\">\n<li class=\"_63ep _63eq\"><a href=\"https:\/\/www.facebook.com\/events\/discovery\/?acontext=%7B%22ref%22%3A1%2C%22source%22%3A1%2C%22action_history%22%3A%22[%7B%5C%22surface%5C%22%3A%5C%22permalink%5C%22%2C%5C%22mechanism%5C%22%3A%5C%22child_event_header%5C%22%2C%5C%22extra_data%5C%22%3A[]%7D%2C%7B%5C%22surface%5C%22%3A%5C%22permalink%5C%22%2C%5C%22mechanism%5C%22%3A%5C%22event_information%5C%22%2C%5C%22extra_data%5C%22%3A%7B%5C%22tag%5C%22%3A%5C%22Clase%20de%20cinematograf%5C%5Cu00eda%5C%22%7D%7D]%22%7D&amp;suggestion_token=%7B%22tags%22%3A[612867715568560]%7D\">Clase de cinematograf\u00eda<\/a><\/li>\n<li class=\"_63ep _63eq\"><a href=\"https:\/\/www.facebook.com\/events\/discovery\/?acontext=%7B%22ref%22%3A1%2C%22source%22%3A1%2C%22action_history%22%3A%22[%7B%5C%22surface%5C%22%3A%5C%22permalink%5C%22%2C%5C%22mechanism%5C%22%3A%5C%22child_event_header%5C%22%2C%5C%22extra_data%5C%22%3A[]%7D%2C%7B%5C%22surface%5C%22%3A%5C%22permalink%5C%22%2C%5C%22mechanism%5C%22%3A%5C%22event_information%5C%22%2C%5C%22extra_data%5C%22%3A%7B%5C%22tag%5C%22%3A%5C%22Fotograf%5C%5Cu00eda%5C%22%7D%7D]%22%7D&amp;suggestion_token=%7B%22tags%22%3A[746641278844967]%7D\">Fotograf\u00eda<\/a><\/li>\n<li class=\"_63ep _63eq\"><a href=\"https:\/\/www.facebook.com\/events\/discovery\/?acontext=%7B%22ref%22%3A1%2C%22source%22%3A1%2C%22action_history%22%3A%22[%7B%5C%22surface%5C%22%3A%5C%22permalink%5C%22%2C%5C%22mechanism%5C%22%3A%5C%22child_event_header%5C%22%2C%5C%22extra_data%5C%22%3A[]%7D%2C%7B%5C%22surface%5C%22%3A%5C%22permalink%5C%22%2C%5C%22mechanism%5C%22%3A%5C%22event_information%5C%22%2C%5C%22extra_data%5C%22%3A%7B%5C%22tag%5C%22%3A%5C%22Animaci%5C%5Cu00f3n%5C%22%7D%7D]%22%7D&amp;suggestion_token=%7B%22tags%22%3A[694394380743333]%7D\">Ani<\/a><\/li>\n<\/ul>\n","protected":false},"excerpt":{"rendered":"<p>El Taller de Producci\u00f3n Audiovisual y Edici\u00f3n es ideal para desarrollar proyectos audiovisuales. Aprende t\u00e9cnicas de escritura, direcci\u00f3n, c\u00e1mara y edici\u00f3n digital para crear audiovisuales como videoclips, spots y cortometrajes practicando todas las etapas del proceso: desde la c\u00e1mara hasta la edici\u00f3n en Final Cut. Construye proyectos audiovisuales completos, aprende iluminaci\u00f3n en set, fotograf\u00eda y [&hellip;]<\/p>\n","protected":false},"author":2,"featured_media":1736,"comment_status":"closed","ping_status":"closed","sticky":false,"template":"","format":"standard","meta":{"footnotes":""},"categories":[29],"tags":[],"_links":{"self":[{"href":"https:\/\/www.pueblamio.com\/noticiasyeventos\/wp-json\/wp\/v2\/posts\/1735"}],"collection":[{"href":"https:\/\/www.pueblamio.com\/noticiasyeventos\/wp-json\/wp\/v2\/posts"}],"about":[{"href":"https:\/\/www.pueblamio.com\/noticiasyeventos\/wp-json\/wp\/v2\/types\/post"}],"author":[{"embeddable":true,"href":"https:\/\/www.pueblamio.com\/noticiasyeventos\/wp-json\/wp\/v2\/users\/2"}],"replies":[{"embeddable":true,"href":"https:\/\/www.pueblamio.com\/noticiasyeventos\/wp-json\/wp\/v2\/comments?post=1735"}],"version-history":[{"count":1,"href":"https:\/\/www.pueblamio.com\/noticiasyeventos\/wp-json\/wp\/v2\/posts\/1735\/revisions"}],"predecessor-version":[{"id":1737,"href":"https:\/\/www.pueblamio.com\/noticiasyeventos\/wp-json\/wp\/v2\/posts\/1735\/revisions\/1737"}],"wp:featuredmedia":[{"embeddable":true,"href":"https:\/\/www.pueblamio.com\/noticiasyeventos\/wp-json\/wp\/v2\/media\/1736"}],"wp:attachment":[{"href":"https:\/\/www.pueblamio.com\/noticiasyeventos\/wp-json\/wp\/v2\/media?parent=1735"}],"wp:term":[{"taxonomy":"category","embeddable":true,"href":"https:\/\/www.pueblamio.com\/noticiasyeventos\/wp-json\/wp\/v2\/categories?post=1735"},{"taxonomy":"post_tag","embeddable":true,"href":"https:\/\/www.pueblamio.com\/noticiasyeventos\/wp-json\/wp\/v2\/tags?post=1735"}],"curies":[{"name":"wp","href":"https:\/\/api.w.org\/{rel}","templated":true}]}}