{"id":1528,"date":"2018-06-01T22:43:01","date_gmt":"2018-06-01T22:43:01","guid":{"rendered":"http:\/\/www.pueblamio.com\/noticiasyeventos\/?p=1528"},"modified":"2018-06-01T22:43:01","modified_gmt":"2018-06-01T22:43:01","slug":"1er-coloquio-de-estudiantes-generacion-2017-4-de-junio","status":"publish","type":"post","link":"https:\/\/www.pueblamio.com\/noticiasyeventos\/1er-coloquio-de-estudiantes-generacion-2017-4-de-junio\/","title":{"rendered":"1er Coloquio de estudiantes Generaci\u00f3n 2017 . 4 de junio"},"content":{"rendered":"<p>El Instituto de Ciencias Sociales<br \/>\ny Humanidades<br \/>\n\u201cAlfonso V\u00e9lez Pliego\u201d<br \/>\ny la Maestr\u00eda en Antropolog\u00eda<br \/>\nSociocultural de la BUAP<\/p>\n<p>invitan al<\/p>\n<p>1er Coloquio de estudiantes<br \/>\nGeneraci\u00f3n 2017-19<br \/>\nAvances de Protocolos de Tesis<\/p>\n<p>4, 5 y 6<br \/>\nde junio de 2018<br \/>\n9:45 a 18:00 horas<\/p>\n<p>Auditorios \u201cA\u201d y \u201cB\u201d de la Aduana Vieja<br \/>\n2 oriente 409,<br \/>\nCentro Hist\u00f3rico de Puebla<\/p>\n","protected":false},"excerpt":{"rendered":"<p>El Instituto de Ciencias Sociales y Humanidades \u201cAlfonso V\u00e9lez Pliego\u201d y la Maestr\u00eda en Antropolog\u00eda Sociocultural de la BUAP invitan al 1er Coloquio de estudiantes Generaci\u00f3n 2017-19 Avances de Protocolos de Tesis 4, 5 y 6 de junio de 2018 9:45 a 18:00 horas Auditorios \u201cA\u201d y \u201cB\u201d de la Aduana Vieja 2 oriente 409, [&hellip;]<\/p>\n","protected":false},"author":2,"featured_media":1529,"comment_status":"closed","ping_status":"closed","sticky":false,"template":"","format":"standard","meta":{"footnotes":""},"categories":[29],"tags":[],"_links":{"self":[{"href":"https:\/\/www.pueblamio.com\/noticiasyeventos\/wp-json\/wp\/v2\/posts\/1528"}],"collection":[{"href":"https:\/\/www.pueblamio.com\/noticiasyeventos\/wp-json\/wp\/v2\/posts"}],"about":[{"href":"https:\/\/www.pueblamio.com\/noticiasyeventos\/wp-json\/wp\/v2\/types\/post"}],"author":[{"embeddable":true,"href":"https:\/\/www.pueblamio.com\/noticiasyeventos\/wp-json\/wp\/v2\/users\/2"}],"replies":[{"embeddable":true,"href":"https:\/\/www.pueblamio.com\/noticiasyeventos\/wp-json\/wp\/v2\/comments?post=1528"}],"version-history":[{"count":1,"href":"https:\/\/www.pueblamio.com\/noticiasyeventos\/wp-json\/wp\/v2\/posts\/1528\/revisions"}],"predecessor-version":[{"id":1530,"href":"https:\/\/www.pueblamio.com\/noticiasyeventos\/wp-json\/wp\/v2\/posts\/1528\/revisions\/1530"}],"wp:featuredmedia":[{"embeddable":true,"href":"https:\/\/www.pueblamio.com\/noticiasyeventos\/wp-json\/wp\/v2\/media\/1529"}],"wp:attachment":[{"href":"https:\/\/www.pueblamio.com\/noticiasyeventos\/wp-json\/wp\/v2\/media?parent=1528"}],"wp:term":[{"taxonomy":"category","embeddable":true,"href":"https:\/\/www.pueblamio.com\/noticiasyeventos\/wp-json\/wp\/v2\/categories?post=1528"},{"taxonomy":"post_tag","embeddable":true,"href":"https:\/\/www.pueblamio.com\/noticiasyeventos\/wp-json\/wp\/v2\/tags?post=1528"}],"curies":[{"name":"wp","href":"https:\/\/api.w.org\/{rel}","templated":true}]}}