{"id":1433,"date":"2018-05-26T05:19:59","date_gmt":"2018-05-26T05:19:59","guid":{"rendered":"http:\/\/www.pueblamio.com\/noticiasyeventos\/?p=1433"},"modified":"2018-05-26T05:19:59","modified_gmt":"2018-05-26T05:19:59","slug":"presentacion-del-libro-28-de-mayo","status":"publish","type":"post","link":"https:\/\/www.pueblamio.com\/noticiasyeventos\/presentacion-del-libro-28-de-mayo\/","title":{"rendered":"Presentaci\u00f3n del Libro . 28 de mayo"},"content":{"rendered":"<p>Instituto de Ciencias Sociales y Humanidades<br \/>\n\u201cAlfonso V\u00e9lez Pliego\u201d<br \/>\nde la Benem\u00e9rita Universidad Aut\u00f3noma de Puebla<br \/>\nPRESENTACI\u00d3N DE LOS LIBROS<\/p>\n<p>Un instrumento de los dem\u00e1s.<br \/>\nGa\u00ebtan Souchet D&#8217;Alvimar, filibustero y artista. Sus dos visitas a M\u00e9xico a mediados del siglo XIX<br \/>\nDr. Jos\u00e9 Arturo<br \/>\nAguilar Ochoa<\/p>\n<p>Por all\u00ed pas\u00f3 Rond\u00e9<br \/>\nREPRESENTACIONES EUROPEAS DE MEXICO A MEDIADOS DEL SIGLO XIX<span class=\"text_exposed_show\"><br \/>\nDra. Chantal<br \/>\nCramaussel<br \/>\nPresentadores<br \/>\nSergio Rosas Salas<br \/>\nJavier Perez Siller<\/p>\n<p>Lunes 28 de<br \/>\nmayo de 2018<\/p>\n<p>Auditorio \u201cA\u201d de la Aduana Vieja<br \/>\nAv. 2 oriente 409, Centro Hist\u00f3rico de Puebla<\/span><\/p>\n","protected":false},"excerpt":{"rendered":"<p>Instituto de Ciencias Sociales y Humanidades \u201cAlfonso V\u00e9lez Pliego\u201d de la Benem\u00e9rita Universidad Aut\u00f3noma de Puebla PRESENTACI\u00d3N DE LOS LIBROS Un instrumento de los dem\u00e1s. Ga\u00ebtan Souchet D&#8217;Alvimar, filibustero y artista. Sus dos visitas a M\u00e9xico a mediados del siglo XIX Dr. Jos\u00e9 Arturo Aguilar Ochoa Por all\u00ed pas\u00f3 Rond\u00e9 REPRESENTACIONES EUROPEAS DE MEXICO A [&hellip;]<\/p>\n","protected":false},"author":2,"featured_media":1434,"comment_status":"closed","ping_status":"closed","sticky":false,"template":"","format":"standard","meta":{"footnotes":""},"categories":[29],"tags":[],"_links":{"self":[{"href":"https:\/\/www.pueblamio.com\/noticiasyeventos\/wp-json\/wp\/v2\/posts\/1433"}],"collection":[{"href":"https:\/\/www.pueblamio.com\/noticiasyeventos\/wp-json\/wp\/v2\/posts"}],"about":[{"href":"https:\/\/www.pueblamio.com\/noticiasyeventos\/wp-json\/wp\/v2\/types\/post"}],"author":[{"embeddable":true,"href":"https:\/\/www.pueblamio.com\/noticiasyeventos\/wp-json\/wp\/v2\/users\/2"}],"replies":[{"embeddable":true,"href":"https:\/\/www.pueblamio.com\/noticiasyeventos\/wp-json\/wp\/v2\/comments?post=1433"}],"version-history":[{"count":1,"href":"https:\/\/www.pueblamio.com\/noticiasyeventos\/wp-json\/wp\/v2\/posts\/1433\/revisions"}],"predecessor-version":[{"id":1435,"href":"https:\/\/www.pueblamio.com\/noticiasyeventos\/wp-json\/wp\/v2\/posts\/1433\/revisions\/1435"}],"wp:featuredmedia":[{"embeddable":true,"href":"https:\/\/www.pueblamio.com\/noticiasyeventos\/wp-json\/wp\/v2\/media\/1434"}],"wp:attachment":[{"href":"https:\/\/www.pueblamio.com\/noticiasyeventos\/wp-json\/wp\/v2\/media?parent=1433"}],"wp:term":[{"taxonomy":"category","embeddable":true,"href":"https:\/\/www.pueblamio.com\/noticiasyeventos\/wp-json\/wp\/v2\/categories?post=1433"},{"taxonomy":"post_tag","embeddable":true,"href":"https:\/\/www.pueblamio.com\/noticiasyeventos\/wp-json\/wp\/v2\/tags?post=1433"}],"curies":[{"name":"wp","href":"https:\/\/api.w.org\/{rel}","templated":true}]}}