{"id":1407,"date":"2018-05-24T04:46:22","date_gmt":"2018-05-24T04:46:22","guid":{"rendered":"http:\/\/www.pueblamio.com\/noticiasyeventos\/?p=1407"},"modified":"2018-05-24T04:46:22","modified_gmt":"2018-05-24T04:46:22","slug":"10-edicion-feria-vegana-de-puebla-2-de-junio","status":"publish","type":"post","link":"https:\/\/www.pueblamio.com\/noticiasyeventos\/10-edicion-feria-vegana-de-puebla-2-de-junio\/","title":{"rendered":"10\u00b0 Edici\u00f3n Feria Vegana de Puebla . 2 de junio"},"content":{"rendered":"<p>Vuelve la fiesta de los vegetarianos y veganos de Puebla, en el Eco Parque Metropolitano, justo atr\u00e1s del Museo Barroco. Puedes ingresar por el estacionamiento de Av. Las Torres o por el estacionamiento del museo. Habr\u00e1 mucha comida, alimentos para preparar en casa, charlas y talleres, dj y m\u00fasica en vivo. El parque es perro y bici amigable, y la entrada es libre, as\u00ed que te esperamos con toda la familia, amigos y mascotas.<\/p>\n","protected":false},"excerpt":{"rendered":"<p>Vuelve la fiesta de los vegetarianos y veganos de Puebla, en el Eco Parque Metropolitano, justo atr\u00e1s del Museo Barroco. Puedes ingresar por el estacionamiento de Av. Las Torres o por el estacionamiento del museo. Habr\u00e1 mucha comida, alimentos para preparar en casa, charlas y talleres, dj y m\u00fasica en vivo. El parque es perro [&hellip;]<\/p>\n","protected":false},"author":2,"featured_media":1408,"comment_status":"closed","ping_status":"closed","sticky":false,"template":"","format":"standard","meta":{"footnotes":""},"categories":[29],"tags":[],"_links":{"self":[{"href":"https:\/\/www.pueblamio.com\/noticiasyeventos\/wp-json\/wp\/v2\/posts\/1407"}],"collection":[{"href":"https:\/\/www.pueblamio.com\/noticiasyeventos\/wp-json\/wp\/v2\/posts"}],"about":[{"href":"https:\/\/www.pueblamio.com\/noticiasyeventos\/wp-json\/wp\/v2\/types\/post"}],"author":[{"embeddable":true,"href":"https:\/\/www.pueblamio.com\/noticiasyeventos\/wp-json\/wp\/v2\/users\/2"}],"replies":[{"embeddable":true,"href":"https:\/\/www.pueblamio.com\/noticiasyeventos\/wp-json\/wp\/v2\/comments?post=1407"}],"version-history":[{"count":1,"href":"https:\/\/www.pueblamio.com\/noticiasyeventos\/wp-json\/wp\/v2\/posts\/1407\/revisions"}],"predecessor-version":[{"id":1409,"href":"https:\/\/www.pueblamio.com\/noticiasyeventos\/wp-json\/wp\/v2\/posts\/1407\/revisions\/1409"}],"wp:featuredmedia":[{"embeddable":true,"href":"https:\/\/www.pueblamio.com\/noticiasyeventos\/wp-json\/wp\/v2\/media\/1408"}],"wp:attachment":[{"href":"https:\/\/www.pueblamio.com\/noticiasyeventos\/wp-json\/wp\/v2\/media?parent=1407"}],"wp:term":[{"taxonomy":"category","embeddable":true,"href":"https:\/\/www.pueblamio.com\/noticiasyeventos\/wp-json\/wp\/v2\/categories?post=1407"},{"taxonomy":"post_tag","embeddable":true,"href":"https:\/\/www.pueblamio.com\/noticiasyeventos\/wp-json\/wp\/v2\/tags?post=1407"}],"curies":[{"name":"wp","href":"https:\/\/api.w.org\/{rel}","templated":true}]}}